{"id":22380,"date":"2021-03-08T16:02:12","date_gmt":"2021-03-08T22:02:12","guid":{"rendered":"http:\/\/indes.gob.sv\/web\/?p=22380"},"modified":"2021-03-08T16:02:12","modified_gmt":"2021-03-08T22:02:12","slug":"tiro-salvadoreno-organizara-el-campeonato-clasificatorio-para-los-i-juegos-junior-panamericanos-2021","status":"publish","type":"post","link":"https:\/\/web.indes.gob.sv\/?p=22380","title":{"rendered":"Tiro salvadore\u00f1o organizar\u00e1 el Clasificatorio para los I Juegos Panamericanos Junior 2021"},"content":{"rendered":"\n<p><strong>La Federaci\u00f3n Salvadore\u00f1a de Tiro (Fesatiro) inform\u00f3 que se realizar\u00e1 desde ma\u00f1ana hasta el 14 de marzo el Campeonato Clasificatorio para los I Juegos Panamericanos Junior 2021\u00a0 en las pruebas de pistola y rifle.<\/strong><\/p>\n\n\n\n<div class=\"wp-block-jetpack-slideshow aligncenter\" data-effect=\"slide\"><div class=\"wp-block-jetpack-slideshow_container swiper-container\"><ul class=\"wp-block-jetpack-slideshow_swiper-wrapper swiper-wrapper\"><li class=\"wp-block-jetpack-slideshow_slide swiper-slide\"><figure><img decoding=\"async\" alt=\"\" class=\"wp-block-jetpack-slideshow_image wp-image-22383\" data-id=\"22383\" src=\"https:\/\/indes.gob.sv\/web\/wp-content\/uploads\/2021\/03\/Grand-Prix-Juvenil_04-scaled.jpg\"\/><\/figure><\/li><li class=\"wp-block-jetpack-slideshow_slide swiper-slide\"><figure><img decoding=\"async\" alt=\"\" class=\"wp-block-jetpack-slideshow_image wp-image-22384\" data-id=\"22384\" src=\"https:\/\/indes.gob.sv\/web\/wp-content\/uploads\/2021\/03\/Grand-Prix-Juvenil_05-scaled.jpg\"\/><\/figure><\/li><li class=\"wp-block-jetpack-slideshow_slide swiper-slide\"><figure><img decoding=\"async\" alt=\"\" class=\"wp-block-jetpack-slideshow_image wp-image-22385\" data-id=\"22385\" src=\"https:\/\/indes.gob.sv\/web\/wp-content\/uploads\/2021\/03\/Grand-Prix-Juvenil_11-scaled.jpg\"\/><\/figure><\/li><li class=\"wp-block-jetpack-slideshow_slide swiper-slide\"><figure><img decoding=\"async\" alt=\"\" class=\"wp-block-jetpack-slideshow_image wp-image-22386\" data-id=\"22386\" src=\"https:\/\/indes.gob.sv\/web\/wp-content\/uploads\/2021\/03\/Grand-Prix-Juvenil_13-scaled.jpg\"\/><\/figure><\/li><\/ul><a class=\"wp-block-jetpack-slideshow_button-prev swiper-button-prev swiper-button-white\" role=\"button\"><\/a><a class=\"wp-block-jetpack-slideshow_button-next swiper-button-next swiper-button-white\" role=\"button\"><\/a><a aria-label=\"Pause Slideshow\" class=\"wp-block-jetpack-slideshow_button-pause\" role=\"button\"><\/a><div class=\"wp-block-jetpack-slideshow_pagination swiper-pagination swiper-pagination-white\"><\/div><\/div><\/div>\n\n\n\n<p>En la competici\u00f3n, que registra la presencia 86 atletas de 11 pa\u00edses, El Salvador estar\u00e1 representado por Andr\u00e9s Vidal, Milena Morales, Frida Sabri\u00e1n y Daniela Calder\u00f3n, en la prueba de pistola; as\u00ed como por Diego Santamar\u00eda, Adriel M\u00e9ndez y Gustavo Escobar, en la modalidad de rifle.<\/p>\n\n\n\n<p>De acuerdo al programa de competencias, ma\u00f1ana iniciar\u00e1n las sesiones de 10 m pistola de aire masculino y 10 m rifle de aire femenino, en el pol\u00edgono de tiro ubicado en el Estadio Nacional Jorge \u201cM\u00e1gico\u201d Gonz\u00e1lez.<\/p>\n\n\n\n<p>Y durante el resto de la semana se efectuar\u00e1n las pruebas, tanto en masculino como en femenino, de los 10 m pistola de aire por equipo y 10 m rifle de aire equipo; as\u00ed como, de los 10 m rifle de aire equipo mixto y 10 m pistola de aire equipo mixto.<\/p>\n\n\n\n<p>En el evento, que cuenta con el apoyo econ\u00f3mico del Instituto Nacional de los Deportes de El Salvador (INDES), competir\u00e1n las representaciones de Argentina, Brasil, Colombia, Chile, Guatemala, Nicaragua, M\u00e9xico, Panam\u00e1, Per\u00fa, Estados Unidos y El Salvador.<\/p>\n\n\n\n<p>De acuerdo a la Fesatiro, en cada prueba se clasificar\u00e1n 15 atletas, quienes se ganar\u00e1n el derecho de competir en los primeros Juegos Panamericanos Junior, Cali, Valle 2021.<\/p>\n\n\n\n<p>Se adjunta programa completo.<\/p>\n\n\n\n<div class=\"wp-block-file\"><a href=\"https:\/\/indes.gob.sv\/web\/wp-content\/uploads\/2021\/03\/PROGRAMA-DE-COMPETENCIAS-CLASIFICATORIO-1.pdf\">PROGRAMA-DE-COMPETENCIAS-CLASIFICATORIO-1<\/a><a href=\"https:\/\/indes.gob.sv\/web\/wp-content\/uploads\/2021\/03\/PROGRAMA-DE-COMPETENCIAS-CLASIFICATORIO-1.pdf\" class=\"wp-block-file__button\" download>Descarga<\/a><\/div>\n","protected":false},"excerpt":{"rendered":"<div class=\"parrafos-blancos-letranegra\"><p>La Federaci\u00f3n Salvadore\u00f1a de Tiro (Fesatiro) inform\u00f3 que se realizar\u00e1 desde ma\u00f1ana hasta el 14 de marzo el Campeonato Clasificatorio para los I Juegos Panamericanos Junior 2021  en las pruebas de pistola y rifle.<\/p>\n<\/div>","protected":false},"author":10,"featured_media":22382,"comment_status":"open","ping_status":"open","sticky":false,"template":"","format":"standard","meta":{"footnotes":""},"categories":[3],"tags":[173,181,228],"class_list":["post-22380","post","type-post","status-publish","format-standard","has-post-thumbnail","hentry","category-noticias","tag-deporte_federado","tag-federaciones-directorios_telefonicos","tag-tiro"],"_links":{"self":[{"href":"https:\/\/web.indes.gob.sv\/index.php?rest_route=\/wp\/v2\/posts\/22380","targetHints":{"allow":["GET"]}}],"collection":[{"href":"https:\/\/web.indes.gob.sv\/index.php?rest_route=\/wp\/v2\/posts"}],"about":[{"href":"https:\/\/web.indes.gob.sv\/index.php?rest_route=\/wp\/v2\/types\/post"}],"author":[{"embeddable":true,"href":"https:\/\/web.indes.gob.sv\/index.php?rest_route=\/wp\/v2\/users\/10"}],"replies":[{"embeddable":true,"href":"https:\/\/web.indes.gob.sv\/index.php?rest_route=%2Fwp%2Fv2%2Fcomments&post=22380"}],"version-history":[{"count":0,"href":"https:\/\/web.indes.gob.sv\/index.php?rest_route=\/wp\/v2\/posts\/22380\/revisions"}],"wp:featuredmedia":[{"embeddable":true,"href":"https:\/\/web.indes.gob.sv\/index.php?rest_route=\/"}],"wp:attachment":[{"href":"https:\/\/web.indes.gob.sv\/index.php?rest_route=%2Fwp%2Fv2%2Fmedia&parent=22380"}],"wp:term":[{"taxonomy":"category","embeddable":true,"href":"https:\/\/web.indes.gob.sv\/index.php?rest_route=%2Fwp%2Fv2%2Fcategories&post=22380"},{"taxonomy":"post_tag","embeddable":true,"href":"https:\/\/web.indes.gob.sv\/index.php?rest_route=%2Fwp%2Fv2%2Ftags&post=22380"}],"curies":[{"name":"wp","href":"https:\/\/api.w.org\/{rel}","templated":true}]}}